{"id":154,"date":"2022-10-17T09:00:00","date_gmt":"2022-10-17T12:00:00","guid":{"rendered":"https:\/\/forma.ufes.br\/modelos\/?p=154"},"modified":"2023-07-09T13:30:52","modified_gmt":"2023-07-09T16:30:52","slug":"party","status":"publish","type":"post","link":"https:\/\/forma.ufes.br\/2024\/2022\/10\/party\/","title":{"rendered":"Sele\u00e7\u00e3o de bolsistas &#8211; Painel Aderes"},"content":{"rendered":"\n<figure class=\"wp-block-gallery has-nested-images columns-default is-cropped wp-block-gallery-1 is-layout-flex wp-block-gallery-is-layout-flex\">\n<figure class=\"wp-block-image size-large\"><a href=\"https:\/\/forma.ufes.br\/wp-content\/uploads\/2023\/07\/1-1.png\" target=\"_blank\" rel=\"noopener\"><img loading=\"lazy\" decoding=\"async\" width=\"1024\" height=\"1024\" data-id=\"186\" src=\"https:\/\/forma.ufes.br\/wp-content\/uploads\/2023\/07\/1-1-1024x1024.png\" alt=\"\" class=\"wp-image-186\" srcset=\"https:\/\/forma.ufes.br\/2024\/wp-content\/uploads\/2023\/07\/1-1-1024x1024.png 1024w, https:\/\/forma.ufes.br\/2024\/wp-content\/uploads\/2023\/07\/1-1-300x300.png 300w, https:\/\/forma.ufes.br\/2024\/wp-content\/uploads\/2023\/07\/1-1-150x150.png 150w, https:\/\/forma.ufes.br\/2024\/wp-content\/uploads\/2023\/07\/1-1-768x768.png 768w, https:\/\/forma.ufes.br\/2024\/wp-content\/uploads\/2023\/07\/1-1.png 1080w\" sizes=\"auto, (max-width: 1024px) 100vw, 1024px\" \/><\/a><\/figure>\n\n\n\n<figure class=\"wp-block-image size-large\"><a href=\"https:\/\/forma.ufes.br\/wp-content\/uploads\/2023\/07\/2.png\" target=\"_blank\" rel=\"noopener\"><img loading=\"lazy\" decoding=\"async\" width=\"1024\" height=\"1024\" data-id=\"187\" src=\"https:\/\/forma.ufes.br\/wp-content\/uploads\/2023\/07\/2-1024x1024.png\" alt=\"\" class=\"wp-image-187\" srcset=\"https:\/\/forma.ufes.br\/2024\/wp-content\/uploads\/2023\/07\/2-1024x1024.png 1024w, https:\/\/forma.ufes.br\/2024\/wp-content\/uploads\/2023\/07\/2-300x300.png 300w, https:\/\/forma.ufes.br\/2024\/wp-content\/uploads\/2023\/07\/2-150x150.png 150w, https:\/\/forma.ufes.br\/2024\/wp-content\/uploads\/2023\/07\/2-768x768.png 768w, https:\/\/forma.ufes.br\/2024\/wp-content\/uploads\/2023\/07\/2.png 1080w\" sizes=\"auto, (max-width: 1024px) 100vw, 1024px\" \/><\/a><\/figure>\n\n\n\n<figure class=\"wp-block-image size-large\"><a href=\"https:\/\/forma.ufes.br\/wp-content\/uploads\/2023\/07\/3.png\" target=\"_blank\" rel=\"noopener\"><img loading=\"lazy\" decoding=\"async\" width=\"1024\" height=\"1024\" data-id=\"188\" src=\"https:\/\/forma.ufes.br\/wp-content\/uploads\/2023\/07\/3-1024x1024.png\" alt=\"\" class=\"wp-image-188\" srcset=\"https:\/\/forma.ufes.br\/2024\/wp-content\/uploads\/2023\/07\/3-1024x1024.png 1024w, https:\/\/forma.ufes.br\/2024\/wp-content\/uploads\/2023\/07\/3-300x300.png 300w, https:\/\/forma.ufes.br\/2024\/wp-content\/uploads\/2023\/07\/3-150x150.png 150w, https:\/\/forma.ufes.br\/2024\/wp-content\/uploads\/2023\/07\/3-768x768.png 768w, https:\/\/forma.ufes.br\/2024\/wp-content\/uploads\/2023\/07\/3.png 1080w\" sizes=\"auto, (max-width: 1024px) 100vw, 1024px\" \/><\/a><\/figure>\n<\/figure>\n\n\n\n<p class=\"wp-block-paragraph\">Sele\u00e7\u00e3o de bolsistas (estudantes e profissionais graduados) para atuarem no projeto &#8220;Painel do Empreendedorismo no Esp\u00edrito Santo&#8221;. <\/p>\n\n\n\n<p class=\"wp-block-paragraph\">Informa\u00e7\u00f5es em <a href=\"https:\/\/bit.ly\/painelempreendedor\" target=\"_blank\" rel=\"noreferrer noopener\">https:\/\/bit.ly\/painelempreendedor<\/a><\/p>\n","protected":false},"excerpt":{"rendered":"<p>Sele\u00e7\u00e3o de bolsistas (estudantes e profissionais graduados) para atuarem no projeto &#8220;Painel do Empreendedorismo no Esp\u00edrito Santo&#8221;. Informa\u00e7\u00f5es em https:\/\/bit.ly\/painelempreendedor<\/p>\n","protected":false},"author":1,"featured_media":0,"comment_status":"open","ping_status":"open","sticky":false,"template":"","format":"standard","meta":{"footnotes":""},"categories":[5],"tags":[9,10],"class_list":["post-154","post","type-post","status-publish","format-standard","hentry","category-editais","tag-aderes","tag-pesquisa","missing-thumbnail"],"_links":{"self":[{"href":"https:\/\/forma.ufes.br\/2024\/wp-json\/wp\/v2\/posts\/154","targetHints":{"allow":["GET"]}}],"collection":[{"href":"https:\/\/forma.ufes.br\/2024\/wp-json\/wp\/v2\/posts"}],"about":[{"href":"https:\/\/forma.ufes.br\/2024\/wp-json\/wp\/v2\/types\/post"}],"author":[{"embeddable":true,"href":"https:\/\/forma.ufes.br\/2024\/wp-json\/wp\/v2\/users\/1"}],"replies":[{"embeddable":true,"href":"https:\/\/forma.ufes.br\/2024\/wp-json\/wp\/v2\/comments?post=154"}],"version-history":[{"count":3,"href":"https:\/\/forma.ufes.br\/2024\/wp-json\/wp\/v2\/posts\/154\/revisions"}],"predecessor-version":[{"id":205,"href":"https:\/\/forma.ufes.br\/2024\/wp-json\/wp\/v2\/posts\/154\/revisions\/205"}],"wp:attachment":[{"href":"https:\/\/forma.ufes.br\/2024\/wp-json\/wp\/v2\/media?parent=154"}],"wp:term":[{"taxonomy":"category","embeddable":true,"href":"https:\/\/forma.ufes.br\/2024\/wp-json\/wp\/v2\/categories?post=154"},{"taxonomy":"post_tag","embeddable":true,"href":"https:\/\/forma.ufes.br\/2024\/wp-json\/wp\/v2\/tags?post=154"}],"curies":[{"name":"wp","href":"https:\/\/api.w.org\/{rel}","templated":true}]}}