{"id":197,"date":"2022-08-10T13:00:00","date_gmt":"2022-08-10T16:00:00","guid":{"rendered":"https:\/\/forma.ufes.br\/?p=197"},"modified":"2023-07-09T13:31:04","modified_gmt":"2023-07-09T16:31:04","slug":"selecao-de-bolsista-de-iniciacao-cientifica-2022-2023","status":"publish","type":"post","link":"https:\/\/forma.ufes.br\/2024\/2022\/08\/selecao-de-bolsista-de-iniciacao-cientifica-2022-2023\/","title":{"rendered":"Sele\u00e7\u00e3o de bolsista de inicia\u00e7\u00e3o cient\u00edfica 2022\/2023"},"content":{"rendered":"\n<figure class=\"wp-block-gallery has-nested-images columns-default is-cropped wp-block-gallery-1 is-layout-flex wp-block-gallery-is-layout-flex\">\n<figure class=\"wp-block-image size-large\"><a href=\"https:\/\/forma.ufes.br\/wp-content\/uploads\/2023\/07\/1-3.png\" target=\"_blank\" rel=\"noopener\"><img loading=\"lazy\" decoding=\"async\" width=\"1024\" height=\"1024\" data-id=\"200\" src=\"https:\/\/forma.ufes.br\/wp-content\/uploads\/2023\/07\/1-3-1024x1024.png\" alt=\"\" class=\"wp-image-200\" srcset=\"https:\/\/forma.ufes.br\/2024\/wp-content\/uploads\/2023\/07\/1-3-1024x1024.png 1024w, https:\/\/forma.ufes.br\/2024\/wp-content\/uploads\/2023\/07\/1-3-300x300.png 300w, https:\/\/forma.ufes.br\/2024\/wp-content\/uploads\/2023\/07\/1-3-150x150.png 150w, https:\/\/forma.ufes.br\/2024\/wp-content\/uploads\/2023\/07\/1-3-768x768.png 768w, https:\/\/forma.ufes.br\/2024\/wp-content\/uploads\/2023\/07\/1-3.png 1080w\" sizes=\"auto, (max-width: 1024px) 100vw, 1024px\" \/><\/a><\/figure>\n\n\n\n<figure class=\"wp-block-image size-large\"><a href=\"https:\/\/forma.ufes.br\/wp-content\/uploads\/2023\/07\/2-2.png\" target=\"_blank\" rel=\"noopener\"><img loading=\"lazy\" decoding=\"async\" width=\"1024\" height=\"1024\" data-id=\"199\" src=\"https:\/\/forma.ufes.br\/wp-content\/uploads\/2023\/07\/2-2-1024x1024.png\" alt=\"\" class=\"wp-image-199\" srcset=\"https:\/\/forma.ufes.br\/2024\/wp-content\/uploads\/2023\/07\/2-2-1024x1024.png 1024w, https:\/\/forma.ufes.br\/2024\/wp-content\/uploads\/2023\/07\/2-2-300x300.png 300w, https:\/\/forma.ufes.br\/2024\/wp-content\/uploads\/2023\/07\/2-2-150x150.png 150w, https:\/\/forma.ufes.br\/2024\/wp-content\/uploads\/2023\/07\/2-2-768x768.png 768w, https:\/\/forma.ufes.br\/2024\/wp-content\/uploads\/2023\/07\/2-2.png 1080w\" sizes=\"auto, (max-width: 1024px) 100vw, 1024px\" \/><\/a><\/figure>\n\n\n\n<figure class=\"wp-block-image size-large\"><a href=\"https:\/\/forma.ufes.br\/wp-content\/uploads\/2023\/07\/3-2.png\" target=\"_blank\" rel=\"noopener\"><img loading=\"lazy\" decoding=\"async\" width=\"1024\" height=\"1024\" data-id=\"198\" src=\"https:\/\/forma.ufes.br\/wp-content\/uploads\/2023\/07\/3-2-1024x1024.png\" alt=\"\" class=\"wp-image-198\" srcset=\"https:\/\/forma.ufes.br\/2024\/wp-content\/uploads\/2023\/07\/3-2-1024x1024.png 1024w, https:\/\/forma.ufes.br\/2024\/wp-content\/uploads\/2023\/07\/3-2-300x300.png 300w, https:\/\/forma.ufes.br\/2024\/wp-content\/uploads\/2023\/07\/3-2-150x150.png 150w, https:\/\/forma.ufes.br\/2024\/wp-content\/uploads\/2023\/07\/3-2-768x768.png 768w, https:\/\/forma.ufes.br\/2024\/wp-content\/uploads\/2023\/07\/3-2.png 1080w\" sizes=\"auto, (max-width: 1024px) 100vw, 1024px\" \/><\/a><\/figure>\n<\/figure>\n\n\n\n<p class=\"wp-block-paragraph\">Sele\u00e7\u00e3o de bolsistas de inicia\u00e7\u00e3o cient\u00edfica: procura-se estudantes de gradua\u00e7\u00e3o em Design ou Psicologia para atuar em pesquisa de modelos computacionais de processos psicossociais.<br><br>Pr\u00e9-requisitos: disponibilidade de 8h semanais e ter cursado disciplinas b\u00e1sicas de Psicologia Social. Desej\u00e1vel interesse em aprender linguagens de programa\u00e7\u00e3o e pr\u00e1ticas de ci\u00eancia aberta.<\/p>\n\n\n\n<p class=\"wp-block-paragraph\">Como se candidatar: envie hist\u00f3rico individual para hugo.santanna@ufes.br at\u00e9 o dia 11\/08\/2022. Entrevistas ser\u00e3o realizadas por Google Meet no dia 12\/08.<\/p>\n","protected":false},"excerpt":{"rendered":"<p>Sele\u00e7\u00e3o de bolsistas de inicia\u00e7\u00e3o cient\u00edfica: procura-se estudantes de gradua\u00e7\u00e3o em Design ou Psicologia para atuar em pesquisa de modelos computacionais de processos psicossociais. Pr\u00e9-requisitos: disponibilidade de 8h semanais e ter cursado disciplinas b\u00e1sicas de Psicologia Social. Desej\u00e1vel interesse em aprender linguagens de programa\u00e7\u00e3o e pr\u00e1ticas de ci\u00eancia aberta. Como se candidatar: envie hist\u00f3rico individual [&hellip;]<\/p>\n","protected":false},"author":1,"featured_media":0,"comment_status":"open","ping_status":"open","sticky":false,"template":"","format":"standard","meta":{"footnotes":""},"categories":[5],"tags":[12,13,10],"class_list":["post-197","post","type-post","status-publish","format-standard","hentry","category-editais","tag-abm","tag-edital-pibic","tag-pesquisa","missing-thumbnail"],"_links":{"self":[{"href":"https:\/\/forma.ufes.br\/2024\/wp-json\/wp\/v2\/posts\/197","targetHints":{"allow":["GET"]}}],"collection":[{"href":"https:\/\/forma.ufes.br\/2024\/wp-json\/wp\/v2\/posts"}],"about":[{"href":"https:\/\/forma.ufes.br\/2024\/wp-json\/wp\/v2\/types\/post"}],"author":[{"embeddable":true,"href":"https:\/\/forma.ufes.br\/2024\/wp-json\/wp\/v2\/users\/1"}],"replies":[{"embeddable":true,"href":"https:\/\/forma.ufes.br\/2024\/wp-json\/wp\/v2\/comments?post=197"}],"version-history":[{"count":2,"href":"https:\/\/forma.ufes.br\/2024\/wp-json\/wp\/v2\/posts\/197\/revisions"}],"predecessor-version":[{"id":206,"href":"https:\/\/forma.ufes.br\/2024\/wp-json\/wp\/v2\/posts\/197\/revisions\/206"}],"wp:attachment":[{"href":"https:\/\/forma.ufes.br\/2024\/wp-json\/wp\/v2\/media?parent=197"}],"wp:term":[{"taxonomy":"category","embeddable":true,"href":"https:\/\/forma.ufes.br\/2024\/wp-json\/wp\/v2\/categories?post=197"},{"taxonomy":"post_tag","embeddable":true,"href":"https:\/\/forma.ufes.br\/2024\/wp-json\/wp\/v2\/tags?post=197"}],"curies":[{"name":"wp","href":"https:\/\/api.w.org\/{rel}","templated":true}]}}