{"id":226,"date":"2023-07-11T13:45:37","date_gmt":"2023-07-11T16:45:37","guid":{"rendered":"https:\/\/forma.ufes.br\/?p=226"},"modified":"2023-07-11T13:46:40","modified_gmt":"2023-07-11T16:46:40","slug":"resultado-parcial-do-processo-seletivo-hub-es-2023","status":"publish","type":"post","link":"https:\/\/forma.ufes.br\/2024\/2023\/07\/resultado-parcial-do-processo-seletivo-hub-es-2023\/","title":{"rendered":"Resultado parcial do processo seletivo Hub ES+ 2023"},"content":{"rendered":"\n<p class=\"wp-block-paragraph\">O Forma torna p\u00fablico o resultado parcial do processo seletivo Hub ES+ 2023 para as bolsas de estudantes de gradua\u00e7\u00e3o em Design e Psicologia (BPIG-VII).<\/p>\n\n\n\n<p class=\"wp-block-paragraph\"><strong>Download da classifica\u00e7\u00e3o<\/strong>: <a rel=\"noreferrer noopener\" href=\"https:\/\/forma.ufes.br\/wp-content\/uploads\/2023\/07\/Resultado_Parcial_assinado.pdf\" target=\"_blank\">PDF<\/a><\/p>\n\n\n\n<p class=\"wp-block-paragraph\">A ordem de classifica\u00e7\u00e3o significa que os primeiros colocados em cada \u00e1rea ser\u00e3o convocados para as entrevistas. Em caso de n\u00e3o preenchimento das vagas ap\u00f3s as entrevistas, os demais candidatos ser\u00e3o convocados na ordem de classifica\u00e7\u00e3o.<\/p>\n\n\n\n<p class=\"wp-block-paragraph\">Manteremos a lista de classifica\u00e7\u00e3o e os contatos dos inscritos para futuras vagas no \u00e2mbito do projeto.&nbsp;<\/p>\n\n\n\n<p class=\"wp-block-paragraph\">Por favor aguardem o contato pelo endere\u00e7o de e-mail informado na inscri\u00e7\u00e3o.<\/p>\n\n\n\n<p class=\"wp-block-paragraph\">Em caso de d\u00favidas, <a href=\"https:\/\/forma.ufes.br\/contato\/\" data-type=\"page\" data-id=\"14\">entre em contato<\/a>.<\/p>\n","protected":false},"excerpt":{"rendered":"<p>O Forma torna p\u00fablico o resultado parcial do processo seletivo Hub ES+ 2023 para as bolsas de estudantes de gradua\u00e7\u00e3o em Design e Psicologia (BPIG-VII). Download da classifica\u00e7\u00e3o: PDF A ordem de classifica\u00e7\u00e3o significa que os primeiros colocados em cada \u00e1rea ser\u00e3o convocados para as entrevistas. Em caso de n\u00e3o preenchimento das vagas ap\u00f3s as [&hellip;]<\/p>\n","protected":false},"author":1,"featured_media":0,"comment_status":"open","ping_status":"open","sticky":false,"template":"","format":"standard","meta":{"footnotes":""},"categories":[5],"tags":[11],"class_list":["post-226","post","type-post","status-publish","format-standard","hentry","category-editais","tag-hub-es","missing-thumbnail"],"_links":{"self":[{"href":"https:\/\/forma.ufes.br\/2024\/wp-json\/wp\/v2\/posts\/226","targetHints":{"allow":["GET"]}}],"collection":[{"href":"https:\/\/forma.ufes.br\/2024\/wp-json\/wp\/v2\/posts"}],"about":[{"href":"https:\/\/forma.ufes.br\/2024\/wp-json\/wp\/v2\/types\/post"}],"author":[{"embeddable":true,"href":"https:\/\/forma.ufes.br\/2024\/wp-json\/wp\/v2\/users\/1"}],"replies":[{"embeddable":true,"href":"https:\/\/forma.ufes.br\/2024\/wp-json\/wp\/v2\/comments?post=226"}],"version-history":[{"count":2,"href":"https:\/\/forma.ufes.br\/2024\/wp-json\/wp\/v2\/posts\/226\/revisions"}],"predecessor-version":[{"id":229,"href":"https:\/\/forma.ufes.br\/2024\/wp-json\/wp\/v2\/posts\/226\/revisions\/229"}],"wp:attachment":[{"href":"https:\/\/forma.ufes.br\/2024\/wp-json\/wp\/v2\/media?parent=226"}],"wp:term":[{"taxonomy":"category","embeddable":true,"href":"https:\/\/forma.ufes.br\/2024\/wp-json\/wp\/v2\/categories?post=226"},{"taxonomy":"post_tag","embeddable":true,"href":"https:\/\/forma.ufes.br\/2024\/wp-json\/wp\/v2\/tags?post=226"}],"curies":[{"name":"wp","href":"https:\/\/api.w.org\/{rel}","templated":true}]}}