{"id":25,"date":"2023-03-13T09:15:00","date_gmt":"2023-03-13T12:15:00","guid":{"rendered":"https:\/\/forma.ufes.br\/modelos\/?p=25"},"modified":"2023-07-09T13:31:32","modified_gmt":"2023-07-09T16:31:32","slug":"chamada-extensionistas-2023","status":"publish","type":"post","link":"https:\/\/forma.ufes.br\/2024\/2023\/03\/chamada-extensionistas-2023\/","title":{"rendered":"Chamada de extensionistas 2023 &#8211; DT2\/Wrexham"},"content":{"rendered":"\n<figure class=\"wp-block-gallery has-nested-images columns-default is-cropped wp-block-gallery-1 is-layout-flex wp-block-gallery-is-layout-flex\">\n<figure class=\"wp-block-image size-large\"><a href=\"https:\/\/forma.ufes.br\/wp-content\/uploads\/2023\/07\/1.png\" target=\"_blank\" rel=\"noopener\"><img loading=\"lazy\" decoding=\"async\" width=\"1024\" height=\"1024\" data-id=\"179\" src=\"https:\/\/forma.ufes.br\/wp-content\/uploads\/2023\/07\/1-1024x1024.png\" alt=\"\" class=\"wp-image-179\" srcset=\"https:\/\/forma.ufes.br\/2024\/wp-content\/uploads\/2023\/07\/1-1024x1024.png 1024w, https:\/\/forma.ufes.br\/2024\/wp-content\/uploads\/2023\/07\/1-300x300.png 300w, https:\/\/forma.ufes.br\/2024\/wp-content\/uploads\/2023\/07\/1-150x150.png 150w, https:\/\/forma.ufes.br\/2024\/wp-content\/uploads\/2023\/07\/1-768x768.png 768w, https:\/\/forma.ufes.br\/2024\/wp-content\/uploads\/2023\/07\/1.png 1080w\" sizes=\"auto, (max-width: 1024px) 100vw, 1024px\" \/><\/a><\/figure>\n\n\n\n<figure class=\"wp-block-image size-large\"><a href=\"https:\/\/forma.ufes.br\/wp-content\/uploads\/2023\/03\/2.png\" target=\"_blank\" rel=\"noopener\"><img loading=\"lazy\" decoding=\"async\" width=\"1024\" height=\"1024\" data-id=\"181\" src=\"https:\/\/forma.ufes.br\/wp-content\/uploads\/2023\/03\/2-1024x1024.png\" alt=\"\" class=\"wp-image-181\" srcset=\"https:\/\/forma.ufes.br\/2024\/wp-content\/uploads\/2023\/03\/2-1024x1024.png 1024w, https:\/\/forma.ufes.br\/2024\/wp-content\/uploads\/2023\/03\/2-300x300.png 300w, https:\/\/forma.ufes.br\/2024\/wp-content\/uploads\/2023\/03\/2-150x150.png 150w, https:\/\/forma.ufes.br\/2024\/wp-content\/uploads\/2023\/03\/2-768x768.png 768w, https:\/\/forma.ufes.br\/2024\/wp-content\/uploads\/2023\/03\/2.png 1080w\" sizes=\"auto, (max-width: 1024px) 100vw, 1024px\" \/><\/a><\/figure>\n\n\n\n<figure class=\"wp-block-image size-large\"><a href=\"https:\/\/forma.ufes.br\/wp-content\/uploads\/2023\/03\/3.png\" target=\"_blank\" rel=\"noopener\"><img loading=\"lazy\" decoding=\"async\" width=\"1024\" height=\"1024\" data-id=\"182\" src=\"https:\/\/forma.ufes.br\/wp-content\/uploads\/2023\/03\/3-1024x1024.png\" alt=\"\" class=\"wp-image-182\" srcset=\"https:\/\/forma.ufes.br\/2024\/wp-content\/uploads\/2023\/03\/3-1024x1024.png 1024w, https:\/\/forma.ufes.br\/2024\/wp-content\/uploads\/2023\/03\/3-300x300.png 300w, https:\/\/forma.ufes.br\/2024\/wp-content\/uploads\/2023\/03\/3-150x150.png 150w, https:\/\/forma.ufes.br\/2024\/wp-content\/uploads\/2023\/03\/3-768x768.png 768w, https:\/\/forma.ufes.br\/2024\/wp-content\/uploads\/2023\/03\/3.png 1080w\" sizes=\"auto, (max-width: 1024px) 100vw, 1024px\" \/><\/a><\/figure>\n<\/figure>\n\n\n\n<p class=\"wp-block-paragraph\">Chamada p\u00fablica de extensionistas 2023\/1: participe de projetos de extens\u00e3o com cargas hor\u00e1rias de at\u00e9 120h e atua\u00e7\u00e3o em contextos reais.<\/p>\n\n\n\n<ol class=\"wp-block-list\">\n<li><em>Design que Transforma 2: Campo &amp; Cidade<\/em>: Desenvolvimento de projetos na agricultura familiar agroecol\u00f3gica do noroeste capixaba.<\/li>\n\n\n\n<li><em>Mobilidade Wrexham Glyndwr University<\/em>: Recep\u00e7\u00e3o e acompanhamento de estudantes do Pa\u00eds de Gales durante interc\u00e2mbio na Ufes.<\/li>\n<\/ol>\n\n\n\n<p class=\"wp-block-paragraph\">Inscri\u00e7\u00f5es: <a href=\"https:\/\/bit.ly\/extensaodesign2023\" target=\"_blank\" rel=\"noreferrer noopener\">https:\/\/bit.ly\/extensaodesign2023<\/a><\/p>\n","protected":false},"excerpt":{"rendered":"<p>Chamada p\u00fablica de extensionistas 2023\/1: participe de projetos de extens\u00e3o com cargas hor\u00e1rias de at\u00e9 120h e atua\u00e7\u00e3o em contextos reais. Inscri\u00e7\u00f5es: https:\/\/bit.ly\/extensaodesign2023<\/p>\n","protected":false},"author":1,"featured_media":0,"comment_status":"open","ping_status":"open","sticky":false,"template":"","format":"standard","meta":{"footnotes":""},"categories":[5],"tags":[6,8,7],"class_list":["post-25","post","type-post","status-publish","format-standard","hentry","category-editais","tag-campo-cidade","tag-extensao","tag-wrexham","missing-thumbnail"],"_links":{"self":[{"href":"https:\/\/forma.ufes.br\/2024\/wp-json\/wp\/v2\/posts\/25","targetHints":{"allow":["GET"]}}],"collection":[{"href":"https:\/\/forma.ufes.br\/2024\/wp-json\/wp\/v2\/posts"}],"about":[{"href":"https:\/\/forma.ufes.br\/2024\/wp-json\/wp\/v2\/types\/post"}],"author":[{"embeddable":true,"href":"https:\/\/forma.ufes.br\/2024\/wp-json\/wp\/v2\/users\/1"}],"replies":[{"embeddable":true,"href":"https:\/\/forma.ufes.br\/2024\/wp-json\/wp\/v2\/comments?post=25"}],"version-history":[{"count":5,"href":"https:\/\/forma.ufes.br\/2024\/wp-json\/wp\/v2\/posts\/25\/revisions"}],"predecessor-version":[{"id":207,"href":"https:\/\/forma.ufes.br\/2024\/wp-json\/wp\/v2\/posts\/25\/revisions\/207"}],"wp:attachment":[{"href":"https:\/\/forma.ufes.br\/2024\/wp-json\/wp\/v2\/media?parent=25"}],"wp:term":[{"taxonomy":"category","embeddable":true,"href":"https:\/\/forma.ufes.br\/2024\/wp-json\/wp\/v2\/categories?post=25"},{"taxonomy":"post_tag","embeddable":true,"href":"https:\/\/forma.ufes.br\/2024\/wp-json\/wp\/v2\/tags?post=25"}],"curies":[{"name":"wp","href":"https:\/\/api.w.org\/{rel}","templated":true}]}}