{"id":502,"date":"2023-11-26T17:45:34","date_gmt":"2023-11-26T20:45:34","guid":{"rendered":"https:\/\/forma.ufes.br\/?p=502"},"modified":"2023-11-26T17:45:34","modified_gmt":"2023-11-26T20:45:34","slug":"processo-seletivo-simplificado-2024","status":"publish","type":"post","link":"https:\/\/forma.ufes.br\/2024\/2023\/11\/processo-seletivo-simplificado-2024\/","title":{"rendered":"Processo seletivo simplificado 2024"},"content":{"rendered":"\n<p class=\"wp-block-paragraph\">Ol\u00e1, estudante de Design!<\/p>\n\n\n\n<p class=\"wp-block-paragraph\">Preencha este formul\u00e1rio para se candidatar \u00e0s vagas remanescentes dos projetos do\u00a0<strong>Grupo de Pesquisa em Formaliza\u00e7\u00f5es Matem\u00e1ticas da Cogni\u00e7\u00e3o e Design (For\/ma)<\/strong>\u00a0da Universidade Federal do ES em 2024.<\/p>\n\n\n\n<p class=\"wp-block-paragraph\"><a href=\"https:\/\/docs.google.com\/forms\/d\/e\/1FAIpQLSfRCamQ8q-X3ic8QLWjB46X_WjVD_8GeMPYcEej4UuSD_sItw\/viewform\">Google Forms<\/a> (utilize o login Ufes para acessar)<\/p>\n\n\n\n<p class=\"wp-block-paragraph\">S\u00e3o\u00a0<strong>dez (10)<\/strong>\u00a0oportunidades de vagas para volunt\u00e1rios e bolsistas em projetos de pesquisa e extens\u00e3o, nos quais voc\u00ea poder\u00e1 atuar em equipes que desenvolvem tecnologias para problemas reais. Em 2024, as vagas ser\u00e3o acompanhadas por um per\u00edodo de treinamento no For\/ma, de modo a capacitar os pesquisadores e extensionistas nas tecnologias e conhecimentos relacionados aos projetos.<\/p>\n\n\n\n<p class=\"wp-block-paragraph\">Participe!<\/p>\n","protected":false},"excerpt":{"rendered":"<p>Ol\u00e1, estudante de Design! Preencha este formul\u00e1rio para se candidatar \u00e0s vagas remanescentes dos projetos do\u00a0Grupo de Pesquisa em Formaliza\u00e7\u00f5es Matem\u00e1ticas da Cogni\u00e7\u00e3o e Design (For\/ma)\u00a0da Universidade Federal do ES em 2024. Google Forms (utilize o login Ufes para acessar) S\u00e3o\u00a0dez (10)\u00a0oportunidades de vagas para volunt\u00e1rios e bolsistas em projetos de pesquisa e extens\u00e3o, nos [&hellip;]<\/p>\n","protected":false},"author":1,"featured_media":0,"comment_status":"open","ping_status":"open","sticky":false,"template":"","format":"standard","meta":{"footnotes":""},"categories":[5],"tags":[24,23],"class_list":["post-502","post","type-post","status-publish","format-standard","hentry","category-editais","tag-24","tag-edital-novos-membros","missing-thumbnail"],"_links":{"self":[{"href":"https:\/\/forma.ufes.br\/2024\/wp-json\/wp\/v2\/posts\/502","targetHints":{"allow":["GET"]}}],"collection":[{"href":"https:\/\/forma.ufes.br\/2024\/wp-json\/wp\/v2\/posts"}],"about":[{"href":"https:\/\/forma.ufes.br\/2024\/wp-json\/wp\/v2\/types\/post"}],"author":[{"embeddable":true,"href":"https:\/\/forma.ufes.br\/2024\/wp-json\/wp\/v2\/users\/1"}],"replies":[{"embeddable":true,"href":"https:\/\/forma.ufes.br\/2024\/wp-json\/wp\/v2\/comments?post=502"}],"version-history":[{"count":1,"href":"https:\/\/forma.ufes.br\/2024\/wp-json\/wp\/v2\/posts\/502\/revisions"}],"predecessor-version":[{"id":503,"href":"https:\/\/forma.ufes.br\/2024\/wp-json\/wp\/v2\/posts\/502\/revisions\/503"}],"wp:attachment":[{"href":"https:\/\/forma.ufes.br\/2024\/wp-json\/wp\/v2\/media?parent=502"}],"wp:term":[{"taxonomy":"category","embeddable":true,"href":"https:\/\/forma.ufes.br\/2024\/wp-json\/wp\/v2\/categories?post=502"},{"taxonomy":"post_tag","embeddable":true,"href":"https:\/\/forma.ufes.br\/2024\/wp-json\/wp\/v2\/tags?post=502"}],"curies":[{"name":"wp","href":"https:\/\/api.w.org\/{rel}","templated":true}]}}