{"id":522,"date":"2023-12-18T10:13:14","date_gmt":"2023-12-18T13:13:14","guid":{"rendered":"https:\/\/forma.ufes.br\/?p=522"},"modified":"2023-12-18T10:15:58","modified_gmt":"2023-12-18T13:15:58","slug":"resultado-parcial-do-processo-seletivo-2024","status":"publish","type":"post","link":"https:\/\/forma.ufes.br\/2024\/2023\/12\/resultado-parcial-do-processo-seletivo-2024\/","title":{"rendered":"Resultado parcial do Processo Seletivo 2024"},"content":{"rendered":"\n<p class=\"wp-block-paragraph\">A coordena\u00e7\u00e3o do Grupo de Pesquisa em Formaliza\u00e7\u00f5es Matem\u00e1ticas da Cogni\u00e7\u00e3o e Design (Forma) da Universidade Federal do Esp\u00edrito Santo divulga o resultado parcial do processo seletivo simplificado para 2024.<\/p>\n\n\n\n<p class=\"wp-block-paragraph\"><a href=\"https:\/\/forma.ufes.br\/wp-content\/uploads\/2023\/12\/2024-parcial_assinado.pdf\" target=\"_blank\" rel=\"noreferrer noopener\">Visualizar resultados (PDF)<\/a><\/p>\n\n\n\n<p class=\"wp-block-paragraph\">Os candidatos \u00e0s bolsas <strong>Projetos de Governo<\/strong> que foram selecionados para as entrevistas ser\u00e3o comunicados por e-mail sobre os respectivos hor\u00e1rios. Todas as entrevistas acontecer\u00e3o na modalidade <strong>online <\/strong>na pr\u00f3xima <strong>quarta-feira, 20\/12, <\/strong>de<strong> 9 \u00e0s 12h<\/strong>.<\/p>\n\n\n\n<p class=\"wp-block-paragraph\">Os demais aprovados ser\u00e3o consultados por e-mail quanto aos hor\u00e1rios das reuni\u00f5es dos projetos <strong>LUX<\/strong> e <strong>Design Computacional: Controle Perceptivo<\/strong> em 2024.<\/p>\n\n\n\n<p class=\"wp-block-paragraph\">D\u00favidas: <a href=\"mailto:forma@ufes.br\">forma@ufes.br<\/a><\/p>\n","protected":false},"excerpt":{"rendered":"<p>A coordena\u00e7\u00e3o do Grupo de Pesquisa em Formaliza\u00e7\u00f5es Matem\u00e1ticas da Cogni\u00e7\u00e3o e Design (Forma) da Universidade Federal do Esp\u00edrito Santo divulga o resultado parcial do processo seletivo simplificado para 2024. Visualizar resultados (PDF) Os candidatos \u00e0s bolsas Projetos de Governo que foram selecionados para as entrevistas ser\u00e3o comunicados por e-mail sobre os respectivos hor\u00e1rios. Todas [&hellip;]<\/p>\n","protected":false},"author":1,"featured_media":0,"comment_status":"open","ping_status":"open","sticky":false,"template":"","format":"standard","meta":{"footnotes":""},"categories":[5,18,17],"tags":[],"class_list":["post-522","post","type-post","status-publish","format-standard","hentry","category-editais","category-extensao","category-pesquisa","missing-thumbnail"],"_links":{"self":[{"href":"https:\/\/forma.ufes.br\/2024\/wp-json\/wp\/v2\/posts\/522","targetHints":{"allow":["GET"]}}],"collection":[{"href":"https:\/\/forma.ufes.br\/2024\/wp-json\/wp\/v2\/posts"}],"about":[{"href":"https:\/\/forma.ufes.br\/2024\/wp-json\/wp\/v2\/types\/post"}],"author":[{"embeddable":true,"href":"https:\/\/forma.ufes.br\/2024\/wp-json\/wp\/v2\/users\/1"}],"replies":[{"embeddable":true,"href":"https:\/\/forma.ufes.br\/2024\/wp-json\/wp\/v2\/comments?post=522"}],"version-history":[{"count":8,"href":"https:\/\/forma.ufes.br\/2024\/wp-json\/wp\/v2\/posts\/522\/revisions"}],"predecessor-version":[{"id":532,"href":"https:\/\/forma.ufes.br\/2024\/wp-json\/wp\/v2\/posts\/522\/revisions\/532"}],"wp:attachment":[{"href":"https:\/\/forma.ufes.br\/2024\/wp-json\/wp\/v2\/media?parent=522"}],"wp:term":[{"taxonomy":"category","embeddable":true,"href":"https:\/\/forma.ufes.br\/2024\/wp-json\/wp\/v2\/categories?post=522"},{"taxonomy":"post_tag","embeddable":true,"href":"https:\/\/forma.ufes.br\/2024\/wp-json\/wp\/v2\/tags?post=522"}],"curies":[{"name":"wp","href":"https:\/\/api.w.org\/{rel}","templated":true}]}}